{"id":5903,"date":"2023-08-28T16:02:00","date_gmt":"2023-08-28T13:02:00","guid":{"rendered":"https:\/\/empowering-teachers.eu\/the-portuguese-teachers-call-themselves-the-loopers\/"},"modified":"2023-09-08T15:55:33","modified_gmt":"2023-09-08T12:55:33","slug":"the-portuguese-teachers-call-themselves-the-loopers","status":"publish","type":"post","link":"https:\/\/empowering-teachers.eu\/pt-pt\/the-portuguese-teachers-call-themselves-the-loopers\/","title":{"rendered":"Os professores Portugueses autointitulam-se por LOOPers!"},"content":{"rendered":"\n<p><strong>Em Portugal, 29 escolas, 83 novos professores e 49 professores experientes aceitaram o desafio e testaram o programa de indu\u00e7\u00e3o de professores de janeiro a julho de 2023!<\/strong><\/p>\n\n\n\n<blockquote class=\"wp-block-quote is-layout-flow wp-block-quote-is-layout-flow\">\n<p><em>O programa de indu\u00e7\u00e3o humaniza o papel do professor na escola.<\/em><\/p>\n<\/blockquote>\n\n\n\n<p>No rescaldo da finaliza\u00e7\u00e3o do ano letivo, a implementa\u00e7\u00e3o do programa de indu\u00e7\u00e3o do LOOP revelou ser um sucesso e os professores Portugueses enalteceram a oportunidade que tiveram em estarem envolvidos no processo.<\/p>\n\n\n\n<p>O planeamento da implementa\u00e7\u00e3o dos programas do LOOP come\u00e7ou no final do ano letivo de 2021-2022, in\u00edcio de 2022-2023, com um conjunto de reuni\u00f5es que a Dire\u00e7\u00e3o-Geral de Educa\u00e7\u00e3o Escolar (DGAE), a INOVA+ e a Casa do Professor dinamizaram com diretores de escolas do Norte e Sul de Portugal.<\/p>\n\n\n\n<!--more-->\n\n\n<div class=\"wp-block-image\">\n<figure class=\"aligncenter size-large is-resized\"><img decoding=\"async\" src=\"https:\/\/empowering-teachers.eu\/wp-content\/uploads\/2023\/09\/loop-3-1-1024x768.jpg\" alt=\"\" class=\"wp-image-6009\" width=\"-944\" height=\"-708\" srcset=\"https:\/\/empowering-teachers.eu\/wp-content\/uploads\/2023\/09\/loop-3-1-1024x768.jpg 1024w, https:\/\/empowering-teachers.eu\/wp-content\/uploads\/2023\/09\/loop-3-1-300x225.jpg 300w, https:\/\/empowering-teachers.eu\/wp-content\/uploads\/2023\/09\/loop-3-1-768x576.jpg 768w, https:\/\/empowering-teachers.eu\/wp-content\/uploads\/2023\/09\/loop-3-1-1536x1152.jpg 1536w, https:\/\/empowering-teachers.eu\/wp-content\/uploads\/2023\/09\/loop-3-1-2048x1536.jpg 2048w\" sizes=\"(max-width: 1024px) 100vw, 1024px\" \/><\/figure><\/div>\n\n\n<p>Em outubro de 2022 foi promovido o programa de capacita\u00e7\u00e3o, envolvendo 27 professores experientes que assumiram o papel de mentores no grupo experimental durante a implementa\u00e7\u00e3o. Este curso de forma\u00e7\u00e3o \u00e9 acreditado a n\u00edvel nacional e decorreu no formato de h\u00edbrido (online e presencial). Seguiu-se um workshop com 49 novos professores do grupo experimental e sess\u00f5es de informa\u00e7\u00e3o com 56 professores novos e experientes, do grupo de controlo. Foram, portanto, organizados dois grupos para a implementa\u00e7\u00e3o do programa de indu\u00e7\u00e3o de professores:<\/p>\n\n\n\n<ul class=\"wp-block-list\">\n<li>Um grupo experimental, com 49 novos professores e 27 mentores que participaram no curso de mentores<\/li>\n\n\n\n<li>Um grupo de controlo, com 34 novos professores e 22 mentores que n\u00e3o beneficiaram de nenhum curso para mentores<\/li>\n<\/ul>\n\n\n<div class=\"wp-block-image\">\n<figure class=\"aligncenter size-large is-resized\"><img loading=\"lazy\" decoding=\"async\" src=\"https:\/\/empowering-teachers.eu\/wp-content\/uploads\/2023\/09\/loop-2-1-768x1024.jpg\" alt=\"\" class=\"wp-image-6018\" width=\"251\" height=\"258\"\/><\/figure><\/div>\n\n\n<p>A forma\u00e7\u00e3o e eventos decorreram entre outubro\/2022 e janeiro\/2023, tendo envolvido todos os professores que implementaram o programa nas suas escolas. A implementa\u00e7\u00e3o consistiu no estabelecimento e manuten\u00e7\u00e3o de uma rela\u00e7\u00e3o de mentoria para orientar e preparar professores novos para o exerc\u00edcio da fun\u00e7\u00e3o de professores em todas as suas dimens\u00f5es: pedag\u00f3gica, cient\u00edfica, sociocultural, emocional e administrativa. Mentorandos e mentores tiveram a oportunidade de implementar as atividade e utilizar os materiais que integram o programa de indu\u00e7\u00e3o do LOOP, durante um per\u00edodo de 6 meses. Durante a implementa\u00e7\u00e3o, os dois grupos foram apoiados pelos parceiros Portugueses, tendo tido a oportunidade de participar em reuni\u00f5es de monitoriza\u00e7\u00e3o para partilha de experi\u00eancias, pr\u00e1ticas e esclarecimento de d\u00favidas.<\/p>\n\n\n<div class=\"wp-block-image\">\n<figure class=\"aligncenter size-large is-resized\"><img loading=\"lazy\" decoding=\"async\" src=\"https:\/\/empowering-teachers.eu\/wp-content\/uploads\/2023\/09\/loop-1-2-1024x768.jpg\" alt=\"\" class=\"wp-image-6038\" width=\"276\" height=\"207\" srcset=\"https:\/\/empowering-teachers.eu\/wp-content\/uploads\/2023\/09\/loop-1-2-1024x768.jpg 1024w, https:\/\/empowering-teachers.eu\/wp-content\/uploads\/2023\/09\/loop-1-2-300x225.jpg 300w, https:\/\/empowering-teachers.eu\/wp-content\/uploads\/2023\/09\/loop-1-2-768x576.jpg 768w, https:\/\/empowering-teachers.eu\/wp-content\/uploads\/2023\/09\/loop-1-2-1536x1152.jpg 1536w, https:\/\/empowering-teachers.eu\/wp-content\/uploads\/2023\/09\/loop-1-2-2048x1536.jpg 2048w\" sizes=\"auto, (max-width: 276px) 100vw, 276px\" \/><\/figure><\/div>\n\n\n<p>S\u00e3o v\u00e1rios os projetos, iniciativas e pr\u00e1ticas que resultaram da implementa\u00e7\u00e3o do LOOP, sendo que alguns ter\u00e3o continuidade no pr\u00f3ximo ano letivo. No caso das escolas, algumas dar\u00e3o mesmo continuidade \u00e0 implementa\u00e7\u00e3o do programa de indu\u00e7\u00e3o no ano letivo de 2023-2024 e uma nova edi\u00e7\u00e3o do programa de capacita\u00e7\u00e3o de mentores est\u00e1 a ser preparada.<\/p>\n\n\n\n<p>Conhe\u00e7a alguns dos projetos desenvolvidos (neste <a href=\"https:\/\/vimeo.com\/852381950\">v\u00eddeo<\/a>) e o testemunho de um dos novos professores envolvidos (neste <a href=\"https:\/\/vimeo.com\/852382978\">v\u00eddeo<\/a>)! <\/p>\n\n\n\n<p>Siga as <strong><em>redes sociais do LOOP<\/em><\/strong> e conhe\u00e7a os projetos e iniciativas promovidas pelas escolas Portuguesas: <a href=\"https:\/\/www.facebook.com\/LOOPEmpoweringTeachers\">Facebook<\/a>, <a href=\"https:\/\/twitter.com\/LoopTeachers\">Twitter<\/a>, <a href=\"https:\/\/www.linkedin.com\/company\/loop-empowering-teachers\/\">LinkedIn<\/a>.<\/p>\n","protected":false},"excerpt":{"rendered":"<p>Em Portugal, 29 escolas, 83 novos professores e 49 professores experientes aceitaram o desafio e testaram o programa de indu\u00e7\u00e3o de professores de janeiro a julho de 2023! O programa de indu\u00e7\u00e3o humaniza o papel do professor na escola. No rescaldo da finaliza\u00e7\u00e3o do ano letivo, a implementa\u00e7\u00e3o do programa de indu\u00e7\u00e3o do LOOP revelou [&hellip;]<\/p>\n","protected":false},"author":1,"featured_media":6005,"comment_status":"closed","ping_status":"open","sticky":false,"template":"","format":"standard","meta":{"footnotes":""},"categories":[49,4],"tags":[],"class_list":["post-5903","post","type-post","status-publish","format-standard","has-post-thumbnail","hentry","category-news-pt","category-sem-categoria"],"_links":{"self":[{"href":"https:\/\/empowering-teachers.eu\/pt-pt\/wp-json\/wp\/v2\/posts\/5903","targetHints":{"allow":["GET"]}}],"collection":[{"href":"https:\/\/empowering-teachers.eu\/pt-pt\/wp-json\/wp\/v2\/posts"}],"about":[{"href":"https:\/\/empowering-teachers.eu\/pt-pt\/wp-json\/wp\/v2\/types\/post"}],"author":[{"embeddable":true,"href":"https:\/\/empowering-teachers.eu\/pt-pt\/wp-json\/wp\/v2\/users\/1"}],"replies":[{"embeddable":true,"href":"https:\/\/empowering-teachers.eu\/pt-pt\/wp-json\/wp\/v2\/comments?post=5903"}],"version-history":[{"count":6,"href":"https:\/\/empowering-teachers.eu\/pt-pt\/wp-json\/wp\/v2\/posts\/5903\/revisions"}],"predecessor-version":[{"id":6047,"href":"https:\/\/empowering-teachers.eu\/pt-pt\/wp-json\/wp\/v2\/posts\/5903\/revisions\/6047"}],"wp:featuredmedia":[{"embeddable":true,"href":"https:\/\/empowering-teachers.eu\/pt-pt\/wp-json\/wp\/v2\/media\/6005"}],"wp:attachment":[{"href":"https:\/\/empowering-teachers.eu\/pt-pt\/wp-json\/wp\/v2\/media?parent=5903"}],"wp:term":[{"taxonomy":"category","embeddable":true,"href":"https:\/\/empowering-teachers.eu\/pt-pt\/wp-json\/wp\/v2\/categories?post=5903"},{"taxonomy":"post_tag","embeddable":true,"href":"https:\/\/empowering-teachers.eu\/pt-pt\/wp-json\/wp\/v2\/tags?post=5903"}],"curies":[{"name":"wp","href":"https:\/\/api.w.org\/{rel}","templated":true}]}}